{"id":504,"date":"2010-06-10T16:24:24","date_gmt":"2010-06-10T14:24:24","guid":{"rendered":"http:\/\/www.hannoverlights.de\/?p=504"},"modified":"2018-09-18T13:49:38","modified_gmt":"2018-09-18T11:49:38","slug":"treffsicher-und-schussgewaltig-%e2%80%93-die-geheime-leidenschaft-des-ob","status":"publish","type":"post","link":"https:\/\/www.hannoverlights.de\/?p=504","title":{"rendered":"Treffsicher und Schussgewaltig \u2013 Die geheime Leidenschaft des OB"},"content":{"rendered":"<p>Er ist seit 40 Jahren Fu\u00dfballfan &#8211; nat\u00fcrlich von Hannover 96. Selbst trainiert er auch flei\u00dfig mit dem Ball. Sein Spielfeld steht auf dem Schreibtisch, mitten im Rathaus. Stephan Weil ist Hannovers erster B\u00fcrger. Als OB ist er der h\u00f6chste Repr\u00e4sentant der Landeshauptstadt Hannover und zugleich Leiter der Verwaltung. Seit 10. September 2006 ist Weil Stadtoberhaupt und am liebsten m\u00f6chte er hoch hinaus. Das verr\u00e4t Weil im Film \u2013 hier!<\/p>\n<div style=\"width: 720px;\" class=\"wp-video\"><!--[if lt IE 9]><script>document.createElement('video');<\/script><![endif]-->\n<video class=\"wp-video-shortcode\" id=\"video-504-1\" width=\"720\" height=\"404\" preload=\"metadata\" controls=\"controls\"><source type=\"video\/mp4\" src=\"https:\/\/www.hannoverlights.de\/wp-content\/uploads\/OB_WEIL.mp4?_=1\" \/><a href=\"https:\/\/www.hannoverlights.de\/wp-content\/uploads\/OB_WEIL.mp4\">https:\/\/www.hannoverlights.de\/wp-content\/uploads\/OB_WEIL.mp4<\/a><\/video><\/div>\n<p><strong><span style=\"text-decoration: underline;\">Kontakt \/ Information<\/span><\/strong><\/p>\n<p><a href=\"http:\/\/www.stephan-weil.info\">www.stephan-weil.info<\/a><\/p>\n<p><a href=\"http:\/\/de.wikipedia.org\/wiki\/Stephan_Weil\">http:\/\/de.wikipedia.org\/wiki\/Stephan_Weil<\/a><\/p>\n<p>Oberb\u00fcrgermeister Stephan Weil steht den Hannoveranern bei regelm\u00e4\u00dfigen B\u00fcrgersprechstunden Rede und Antwort. Termine und Informationen unter:<\/p>\n<p><a href=\"http:\/\/www.hannover.de\/\">www.hannover.de<\/a><\/p>\n<p>Neues Rathaus<br \/>\nTrammplatz\u00a0 2<br \/>\n30159\u00a0 Hannover<br \/>\nTel.: 0511-168-0<\/p>\n<p>\u00d6ffnungszeiten:<br \/>\nmontags bis freitags 8 bis 18 Uhr<br \/>\nsonnabends und sonntags 10 bis 18 Uhr<\/p>\n<p>Turmauffahrt nur in der Sommersaison; letzte Auffahrt bis ca. 30 Min. vor Schlie\u00dfung;<br \/>\n(Saisonzeiten k\u00f6nnen witterungsbedingt abweichen)<br \/>\n<strong>F\u00fchrungen<\/strong> auf Anfrage<\/p>\n<div id=\"facebook_like\"><iframe src=\"http:\/\/www.facebook.com\/plugins\/like.php?href=https%3A%2F%2Fwww.hannoverlights.de%2F%3Fp%3D504&amp;layout=standard&amp;show_faces=true&amp;width=500&amp;action=like&amp;font=segoe+ui&amp;colorscheme=light&amp;height=80\" scrolling=\"no\" frameborder=\"0\" style=\"border:none; overflow:hidden; width:500px; height:80px;\" allowTransparency=\"true\"><\/iframe><\/div>","protected":false},"excerpt":{"rendered":"<p>Er ist seit 40 Jahren Fu\u00dfballfan &#8211; nat\u00fcrlich von Hannover 96. Selbst trainiert er auch flei\u00dfig mit dem Ball. Sein Spielfeld steht auf dem Schreibtisch, mitten im Rathaus. Stephan Weil ist Hannovers erster B\u00fcrger. Als OB ist er der h\u00f6chste Repr\u00e4sentant der Landeshauptstadt Hannover und zugleich Leiter der Verwaltung. Seit 10. September 2006 ist Weil [&hellip;]<\/p>\n","protected":false},"author":4,"featured_media":0,"comment_status":"closed","ping_status":"closed","sticky":false,"template":"","format":"standard","meta":{"footnotes":""},"categories":[4],"tags":[],"class_list":["post-504","post","type-post","status-publish","format-standard","hentry","category-stadtbekannt"],"_links":{"self":[{"href":"https:\/\/www.hannoverlights.de\/index.php?rest_route=\/wp\/v2\/posts\/504","targetHints":{"allow":["GET"]}}],"collection":[{"href":"https:\/\/www.hannoverlights.de\/index.php?rest_route=\/wp\/v2\/posts"}],"about":[{"href":"https:\/\/www.hannoverlights.de\/index.php?rest_route=\/wp\/v2\/types\/post"}],"author":[{"embeddable":true,"href":"https:\/\/www.hannoverlights.de\/index.php?rest_route=\/wp\/v2\/users\/4"}],"replies":[{"embeddable":true,"href":"https:\/\/www.hannoverlights.de\/index.php?rest_route=%2Fwp%2Fv2%2Fcomments&post=504"}],"version-history":[{"count":8,"href":"https:\/\/www.hannoverlights.de\/index.php?rest_route=\/wp\/v2\/posts\/504\/revisions"}],"predecessor-version":[{"id":617,"href":"https:\/\/www.hannoverlights.de\/index.php?rest_route=\/wp\/v2\/posts\/504\/revisions\/617"}],"wp:attachment":[{"href":"https:\/\/www.hannoverlights.de\/index.php?rest_route=%2Fwp%2Fv2%2Fmedia&parent=504"}],"wp:term":[{"taxonomy":"category","embeddable":true,"href":"https:\/\/www.hannoverlights.de\/index.php?rest_route=%2Fwp%2Fv2%2Fcategories&post=504"},{"taxonomy":"post_tag","embeddable":true,"href":"https:\/\/www.hannoverlights.de\/index.php?rest_route=%2Fwp%2Fv2%2Ftags&post=504"}],"curies":[{"name":"wp","href":"https:\/\/api.w.org\/{rel}","templated":true}]}}